{"id":1,"date":"2015-09-22T10:36:56","date_gmt":"2015-09-22T09:36:56","guid":{"rendered":"http:\/\/www.arthurbesson.ch\/?p=1"},"modified":"2016-05-31T07:08:14","modified_gmt":"2016-05-31T06:08:14","slug":"actualite","status":"publish","type":"post","link":"https:\/\/arthurbesson.ch\/2015\/09\/22\/actualite\/","title":{"rendered":"ACTUALIT\u00c9"},"content":{"rendered":"<p><a href=\"http:\/\/www.fvpc.ch\/cms\/index.php\/component\/k2\/item\/342-prix-culturel-vaudois-composition-2015\"  target=\"_blank\"><img loading=\"lazy\" decoding=\"async\" src=\"http:\/\/www.arthurbesson.ch\/contenusgk\/uploads\/2015\/09\/Vignette-2015-Composition.jpg\" alt=\"Vignette 2015 Composition\" width=\"240\" height=\"120\" class=\"alignnone size-full imggk-81\" \/><\/a><\/p>\n<hr \/>\n<p><strong>\u00ab Ce que j&rsquo;appelle oubli \u00bb<\/strong><br \/>\nComposition et jeu<br \/>\nMise en sc\u00e8ne Philip Boulay<br \/>\nAvec Vincent Ozanon<br \/>\n(Cr\u00e9ation \u00e9t\u00e9 2017 \/ France)<\/p>\n<hr \/>\n<p><strong>\u00ab La Boucherie de Job \u00bb<\/strong><br \/>\nComposition et jeu<br \/>\nMise en sc\u00e8ne Herv\u00e9 Loichemol<br \/>\nCom\u00e9die de Gen\u00e8ve<br \/>\n(4 au 21 octobre 2016)<\/p>\n<hr \/>\n<p><strong>\u00ab La Fureur de Voir \u00bb<\/strong><br \/>\nComposition pour le nouveau film<br \/>\nde Manuel von St\u00fcrler (Hiver Nomade)<br \/>\nBande \u00e0 Part Films<br \/>\n(\u00c9t\u00e9 2016)<\/p>\n<hr \/>\n<p><strong>\u00ab La Mer \u00e0 Boire \u00bb<\/strong><br \/>\nEcriture et interpr\u00e9tation sur sc\u00e8ne<br \/>\nMise en sc\u00e8ne Julien Barroche<br \/>\nTh\u00e9\u00e2tre 2.21 Lausanne<br \/>\n(Mai 2016)<\/p>\n<hr \/>\n<p><strong>\u00ab Sallinger \u00bb<\/strong><br \/>\nEcriture d&rsquo;une musique originale<br \/>\nCr\u00e9ation de la Cie Un Air de Rien<br \/>\n(Mars 2016)<\/p>\n<hr \/>\n<p><strong>\u00ab Strange Desire \u00bb<\/strong><br \/>\nCr\u00e9ation du Spectacle musical autour de Peggy Lee<br \/>\nMise en sc\u00e8ne et jeu Ariane Moret<br \/>\navec Daniel Perrin<br \/>\nTh\u00e9\u00e2tre 2.21, Lausanne<br \/>\n(septembre 2015)<\/p>\n<hr \/>\n<p><strong>\u00ab Arthur Besson2 \u00bb<\/strong><br \/>\nCr\u00e9ations musicales<br \/>\nTh\u00e9\u00e2tre 2.21 \/ Lausanne<\/p>\n<p><strong>Geri et Freki<\/strong><br \/>\n4 et 5 juin 2015<br \/>\nArthur Besson (g, vcl, bcl)<br \/>\nMarket Besson (b, vcl)<br \/>\nNicky Boy (drm)<\/p>\n<p><strong>Le Zapo\u00ef<\/strong><br \/>\n6 et 7 juin 2015<br \/>\nArthur Besson (g, bcl)<br \/>\nJ\u00e9r\u00f4me Gautschi (tb)<br \/>\nDiego Marion (ts, ss)<br \/>\nG\u00e9rald Perera (cb)<br \/>\nJean Rochat (drm)<\/p>\n<hr \/>\n<p><strong>\u00ab Farniente \u00bb<\/strong> mai-juin 2015<br \/>\nEcriture et interpr\u00e9tation sur sc\u00e8ne d&rsquo;une musique originale<br \/>\nCr\u00e9ation de la Cie Un Air de Rien<br \/>\nYverdon, Fribourg, Lausanne et Gen\u00e8ve<\/p>\n<hr \/>\n<p><strong>\u00ab Cin\u00e9ma Apollo \u00bb<\/strong> Janvier 2015<br \/>\nEcriture d&rsquo;une musique originale<br \/>\nMise en sc\u00e8ne Matthias Langhoff<br \/>\nTh\u00e9\u00e2tre Vidy-Lausanne puis tourn\u00e9e europ\u00e9enne<\/p>\n<hr \/>\n","protected":false},"excerpt":{"rendered":"<p>\u00ab Ce que j&rsquo;appelle oubli \u00bb Composition et jeu Mise en sc\u00e8ne Philip Boulay Avec Vincent Ozanon (Cr\u00e9ation \u00e9t\u00e9 2017 \/ France) \u00ab La Boucherie de Job \u00bb Composition et jeu Mise en sc\u00e8ne Herv\u00e9 Loichemol Com\u00e9die de Gen\u00e8ve (4 au 21 octobre 2016) \u00ab La Fureur de Voir \u00bb Composition pour le nouveau film [&hellip;]<\/p>\n","protected":false},"author":384727,"featured_media":0,"comment_status":"open","ping_status":"open","sticky":false,"template":"","format":"standard","meta":{"footnotes":""},"categories":[3],"tags":[],"class_list":["post-1","post","type-post","status-publish","format-standard","hentry","category-actualite"],"seo_gk_head":"<!-- This site is optimized with the Yoast SEO plugin v27.5 - https:\/\/yoast.com\/product\/yoast-seo-wordpress\/ -->\n<title>ACTUALIT\u00c9 -<\/title>\n<meta name=\"robots\" content=\"index, follow, max-snippet:-1, max-image-preview:large, max-video-preview:-1\" \/>\n<link rel=\"canonical\" href=\"https:\/\/arthurbesson.ch\/2015\/09\/22\/actualite\/\" \/>\n<meta property=\"og:locale\" content=\"fr_FR\" \/>\n<meta property=\"og:type\" content=\"article\" \/>\n<meta property=\"og:title\" content=\"ACTUALIT\u00c9 -\" \/>\n<meta property=\"og:description\" content=\"\u00ab Ce que j&rsquo;appelle oubli \u00bb Composition et jeu Mise en sc\u00e8ne Philip Boulay Avec Vincent Ozanon (Cr\u00e9ation \u00e9t\u00e9 2017 \/ France) \u00ab La Boucherie de Job \u00bb Composition et jeu Mise en sc\u00e8ne Herv\u00e9 Loichemol Com\u00e9die de Gen\u00e8ve (4 au 21 octobre 2016) \u00ab La Fureur de Voir \u00bb Composition pour le nouveau film [&hellip;]\" \/>\n<meta property=\"og:url\" content=\"https:\/\/arthurbesson.ch\/2015\/09\/22\/actualite\/\" \/>\n<meta property=\"article:published_time\" content=\"2015-09-22T09:36:56+00:00\" \/>\n<meta property=\"article:modified_time\" content=\"2016-05-31T06:08:14+00:00\" \/>\n<meta property=\"og:image\" content=\"http:\/\/www.arthurbesson.ch\/contenusgk\/uploads\/2015\/09\/Vignette-2015-Composition.jpg\" \/>\n<meta name=\"author\" content=\"Arthur Besson\" \/>\n<meta name=\"twitter:card\" content=\"summary_large_image\" \/>\n<meta name=\"twitter:label1\" content=\"\u00c9crit par\" \/>\n\t<meta name=\"twitter:data1\" content=\"Arthur Besson\" \/>\n\t<meta name=\"twitter:label2\" content=\"Dur\u00e9e de lecture estim\u00e9e\" \/>\n\t<meta name=\"twitter:data2\" content=\"1 minute\" \/>\n<script type=\"application\/ld+json\" class=\"seo_gk-schema-graph\">{\"@context\":\"https:\\\/\\\/schema.org\",\"@graph\":[{\"@type\":\"Article\",\"@id\":\"https:\\\/\\\/arthurbesson.ch\\\/2015\\\/09\\\/22\\\/actualite\\\/#article\",\"isPartOf\":{\"@id\":\"https:\\\/\\\/arthurbesson.ch\\\/2015\\\/09\\\/22\\\/actualite\\\/\"},\"author\":{\"name\":\"Arthur Besson\",\"@id\":\"https:\\\/\\\/arthurbesson.ch\\\/#\\\/schema\\\/person\\\/5815ac762e2aab4a45ac949fb083bb30\"},\"headline\":\"ACTUALIT\u00c9\",\"datePublished\":\"2015-09-22T09:36:56+00:00\",\"dateModified\":\"2016-05-31T06:08:14+00:00\",\"mainEntityOfPage\":{\"@id\":\"https:\\\/\\\/arthurbesson.ch\\\/2015\\\/09\\\/22\\\/actualite\\\/\"},\"wordCount\":224,\"commentCount\":0,\"publisher\":{\"@id\":\"https:\\\/\\\/arthurbesson.ch\\\/#organization\"},\"image\":{\"@id\":\"https:\\\/\\\/arthurbesson.ch\\\/2015\\\/09\\\/22\\\/actualite\\\/#primaryimage\"},\"thumbnailUrl\":\"http:\\\/\\\/www.arthurbesson.ch\\\/contenusgk\\\/uploads\\\/2015\\\/09\\\/Vignette-2015-Composition.jpg\",\"articleSection\":[\"actualit\u00e9\"],\"inLanguage\":\"fr-FR\",\"potentialAction\":[{\"@type\":\"CommentAction\",\"name\":\"Comment\",\"target\":[\"https:\\\/\\\/arthurbesson.ch\\\/2015\\\/09\\\/22\\\/actualite\\\/#respond\"]}]},{\"@type\":\"WebPage\",\"@id\":\"https:\\\/\\\/arthurbesson.ch\\\/2015\\\/09\\\/22\\\/actualite\\\/\",\"url\":\"https:\\\/\\\/arthurbesson.ch\\\/2015\\\/09\\\/22\\\/actualite\\\/\",\"name\":\"ACTUALIT\u00c9 -\",\"isPartOf\":{\"@id\":\"https:\\\/\\\/arthurbesson.ch\\\/#website\"},\"primaryImageOfPage\":{\"@id\":\"https:\\\/\\\/arthurbesson.ch\\\/2015\\\/09\\\/22\\\/actualite\\\/#primaryimage\"},\"image\":{\"@id\":\"https:\\\/\\\/arthurbesson.ch\\\/2015\\\/09\\\/22\\\/actualite\\\/#primaryimage\"},\"thumbnailUrl\":\"http:\\\/\\\/www.arthurbesson.ch\\\/contenusgk\\\/uploads\\\/2015\\\/09\\\/Vignette-2015-Composition.jpg\",\"datePublished\":\"2015-09-22T09:36:56+00:00\",\"dateModified\":\"2016-05-31T06:08:14+00:00\",\"breadcrumb\":{\"@id\":\"https:\\\/\\\/arthurbesson.ch\\\/2015\\\/09\\\/22\\\/actualite\\\/#breadcrumb\"},\"inLanguage\":\"fr-FR\",\"potentialAction\":[{\"@type\":\"ReadAction\",\"target\":[\"https:\\\/\\\/arthurbesson.ch\\\/2015\\\/09\\\/22\\\/actualite\\\/\"]}]},{\"@type\":\"ImageObject\",\"inLanguage\":\"fr-FR\",\"@id\":\"https:\\\/\\\/arthurbesson.ch\\\/2015\\\/09\\\/22\\\/actualite\\\/#primaryimage\",\"url\":\"http:\\\/\\\/www.arthurbesson.ch\\\/contenusgk\\\/uploads\\\/2015\\\/09\\\/Vignette-2015-Composition.jpg\",\"contentUrl\":\"http:\\\/\\\/www.arthurbesson.ch\\\/contenusgk\\\/uploads\\\/2015\\\/09\\\/Vignette-2015-Composition.jpg\"},{\"@type\":\"BreadcrumbList\",\"@id\":\"https:\\\/\\\/arthurbesson.ch\\\/2015\\\/09\\\/22\\\/actualite\\\/#breadcrumb\",\"itemListElement\":[{\"@type\":\"ListItem\",\"position\":1,\"name\":\"Accueil\",\"item\":\"https:\\\/\\\/arthurbesson.ch\\\/\"},{\"@type\":\"ListItem\",\"position\":2,\"name\":\"ACTUALIT\u00c9\"}]},{\"@type\":\"WebSite\",\"@id\":\"https:\\\/\\\/arthurbesson.ch\\\/#website\",\"url\":\"https:\\\/\\\/arthurbesson.ch\\\/\",\"name\":\"\",\"description\":\"Musicien multi-instrumentiste, compositeur, arrangeur\",\"publisher\":{\"@id\":\"https:\\\/\\\/arthurbesson.ch\\\/#organization\"},\"potentialAction\":[{\"@type\":\"SearchAction\",\"target\":{\"@type\":\"EntryPoint\",\"urlTemplate\":\"https:\\\/\\\/arthurbesson.ch\\\/?s={search_term_string}\"},\"query-input\":{\"@type\":\"PropertyValueSpecification\",\"valueRequired\":true,\"valueName\":\"search_term_string\"}}],\"inLanguage\":\"fr-FR\"},{\"@type\":\"Organization\",\"@id\":\"https:\\\/\\\/arthurbesson.ch\\\/#organization\",\"name\":\"ARTHUR BESSON\",\"url\":\"https:\\\/\\\/arthurbesson.ch\\\/\",\"logo\":{\"@type\":\"ImageObject\",\"inLanguage\":\"fr-FR\",\"@id\":\"https:\\\/\\\/arthurbesson.ch\\\/#\\\/schema\\\/logo\\\/image\\\/\",\"url\":\"https:\\\/\\\/arthurbesson.ch\\\/contenusgk\\\/uploads\\\/2015\\\/09\\\/logo.jpg\",\"contentUrl\":\"https:\\\/\\\/arthurbesson.ch\\\/contenusgk\\\/uploads\\\/2015\\\/09\\\/logo.jpg\",\"width\":360,\"height\":220,\"caption\":\"ARTHUR BESSON\"},\"image\":{\"@id\":\"https:\\\/\\\/arthurbesson.ch\\\/#\\\/schema\\\/logo\\\/image\\\/\"},\"sameAs\":[\"https:\\\/\\\/www.youtube.com\\\/channel\\\/UC3cnb4GryUX_GBa3sXz95PQ\"]},{\"@type\":\"Person\",\"@id\":\"https:\\\/\\\/arthurbesson.ch\\\/#\\\/schema\\\/person\\\/5815ac762e2aab4a45ac949fb083bb30\",\"name\":\"Arthur Besson\",\"image\":{\"@type\":\"ImageObject\",\"inLanguage\":\"fr-FR\",\"@id\":\"https:\\\/\\\/secure.gravatar.com\\\/avatar\\\/d4ab9d5ff2b9dfc31f4ad9abfc97053f89d2981fafc6e9bc7dca8988f3ed794a?s=96&d=mm&r=g\",\"url\":\"https:\\\/\\\/secure.gravatar.com\\\/avatar\\\/d4ab9d5ff2b9dfc31f4ad9abfc97053f89d2981fafc6e9bc7dca8988f3ed794a?s=96&d=mm&r=g\",\"contentUrl\":\"https:\\\/\\\/secure.gravatar.com\\\/avatar\\\/d4ab9d5ff2b9dfc31f4ad9abfc97053f89d2981fafc6e9bc7dca8988f3ed794a?s=96&d=mm&r=g\",\"caption\":\"Arthur Besson\"},\"url\":\"https:\\\/\\\/arthurbesson.ch\\\/author\\\/abotvheujwyykgrm9dqfyiatfpt\\\/\"}]}<\/script>\n<!-- \/ Yoast SEO plugin. -->","seo_gk_head_json":{"title":"ACTUALIT\u00c9 -","robots":{"index":"index","follow":"follow","max-snippet":"max-snippet:-1","max-image-preview":"max-image-preview:large","max-video-preview":"max-video-preview:-1"},"canonical":"https:\/\/arthurbesson.ch\/2015\/09\/22\/actualite\/","og_locale":"fr_FR","og_type":"article","og_title":"ACTUALIT\u00c9 -","og_description":"\u00ab Ce que j&rsquo;appelle oubli \u00bb Composition et jeu Mise en sc\u00e8ne Philip Boulay Avec Vincent Ozanon (Cr\u00e9ation \u00e9t\u00e9 2017 \/ France) \u00ab La Boucherie de Job \u00bb Composition et jeu Mise en sc\u00e8ne Herv\u00e9 Loichemol Com\u00e9die de Gen\u00e8ve (4 au 21 octobre 2016) \u00ab La Fureur de Voir \u00bb Composition pour le nouveau film [&hellip;]","og_url":"https:\/\/arthurbesson.ch\/2015\/09\/22\/actualite\/","article_published_time":"2015-09-22T09:36:56+00:00","article_modified_time":"2016-05-31T06:08:14+00:00","og_image":[{"url":"http:\/\/www.arthurbesson.ch\/contenusgk\/uploads\/2015\/09\/Vignette-2015-Composition.jpg","type":"","width":"","height":""}],"author":"Arthur Besson","twitter_card":"summary_large_image","twitter_misc":{"\u00c9crit par":"Arthur Besson","Dur\u00e9e de lecture estim\u00e9e":"1 minute"},"schema":{"@context":"https:\/\/schema.org","@graph":[{"@type":"Article","@id":"https:\/\/arthurbesson.ch\/2015\/09\/22\/actualite\/#article","isPartOf":{"@id":"https:\/\/arthurbesson.ch\/2015\/09\/22\/actualite\/"},"author":{"name":"Arthur Besson","@id":"https:\/\/arthurbesson.ch\/#\/schema\/person\/5815ac762e2aab4a45ac949fb083bb30"},"headline":"ACTUALIT\u00c9","datePublished":"2015-09-22T09:36:56+00:00","dateModified":"2016-05-31T06:08:14+00:00","mainEntityOfPage":{"@id":"https:\/\/arthurbesson.ch\/2015\/09\/22\/actualite\/"},"wordCount":224,"commentCount":0,"publisher":{"@id":"https:\/\/arthurbesson.ch\/#organization"},"image":{"@id":"https:\/\/arthurbesson.ch\/2015\/09\/22\/actualite\/#primaryimage"},"thumbnailUrl":"http:\/\/www.arthurbesson.ch\/contenusgk\/uploads\/2015\/09\/Vignette-2015-Composition.jpg","articleSection":["actualit\u00e9"],"inLanguage":"fr-FR","potentialAction":[{"@type":"CommentAction","name":"Comment","target":["https:\/\/arthurbesson.ch\/2015\/09\/22\/actualite\/#respond"]}]},{"@type":"WebPage","@id":"https:\/\/arthurbesson.ch\/2015\/09\/22\/actualite\/","url":"https:\/\/arthurbesson.ch\/2015\/09\/22\/actualite\/","name":"ACTUALIT\u00c9 -","isPartOf":{"@id":"https:\/\/arthurbesson.ch\/#website"},"primaryImageOfPage":{"@id":"https:\/\/arthurbesson.ch\/2015\/09\/22\/actualite\/#primaryimage"},"image":{"@id":"https:\/\/arthurbesson.ch\/2015\/09\/22\/actualite\/#primaryimage"},"thumbnailUrl":"http:\/\/www.arthurbesson.ch\/contenusgk\/uploads\/2015\/09\/Vignette-2015-Composition.jpg","datePublished":"2015-09-22T09:36:56+00:00","dateModified":"2016-05-31T06:08:14+00:00","breadcrumb":{"@id":"https:\/\/arthurbesson.ch\/2015\/09\/22\/actualite\/#breadcrumb"},"inLanguage":"fr-FR","potentialAction":[{"@type":"ReadAction","target":["https:\/\/arthurbesson.ch\/2015\/09\/22\/actualite\/"]}]},{"@type":"ImageObject","inLanguage":"fr-FR","@id":"https:\/\/arthurbesson.ch\/2015\/09\/22\/actualite\/#primaryimage","url":"http:\/\/www.arthurbesson.ch\/contenusgk\/uploads\/2015\/09\/Vignette-2015-Composition.jpg","contentUrl":"http:\/\/www.arthurbesson.ch\/contenusgk\/uploads\/2015\/09\/Vignette-2015-Composition.jpg"},{"@type":"BreadcrumbList","@id":"https:\/\/arthurbesson.ch\/2015\/09\/22\/actualite\/#breadcrumb","itemListElement":[{"@type":"ListItem","position":1,"name":"Accueil","item":"https:\/\/arthurbesson.ch\/"},{"@type":"ListItem","position":2,"name":"ACTUALIT\u00c9"}]},{"@type":"WebSite","@id":"https:\/\/arthurbesson.ch\/#website","url":"https:\/\/arthurbesson.ch\/","name":"","description":"Musicien multi-instrumentiste, compositeur, arrangeur","publisher":{"@id":"https:\/\/arthurbesson.ch\/#organization"},"potentialAction":[{"@type":"SearchAction","target":{"@type":"EntryPoint","urlTemplate":"https:\/\/arthurbesson.ch\/?s={search_term_string}"},"query-input":{"@type":"PropertyValueSpecification","valueRequired":true,"valueName":"search_term_string"}}],"inLanguage":"fr-FR"},{"@type":"Organization","@id":"https:\/\/arthurbesson.ch\/#organization","name":"ARTHUR BESSON","url":"https:\/\/arthurbesson.ch\/","logo":{"@type":"ImageObject","inLanguage":"fr-FR","@id":"https:\/\/arthurbesson.ch\/#\/schema\/logo\/image\/","url":"https:\/\/arthurbesson.ch\/contenusgk\/uploads\/2015\/09\/logo.jpg","contentUrl":"https:\/\/arthurbesson.ch\/contenusgk\/uploads\/2015\/09\/logo.jpg","width":360,"height":220,"caption":"ARTHUR BESSON"},"image":{"@id":"https:\/\/arthurbesson.ch\/#\/schema\/logo\/image\/"},"sameAs":["https:\/\/www.youtube.com\/channel\/UC3cnb4GryUX_GBa3sXz95PQ"]},{"@type":"Person","@id":"https:\/\/arthurbesson.ch\/#\/schema\/person\/5815ac762e2aab4a45ac949fb083bb30","name":"Arthur Besson","image":{"@type":"ImageObject","inLanguage":"fr-FR","@id":"https:\/\/secure.gravatar.com\/avatar\/d4ab9d5ff2b9dfc31f4ad9abfc97053f89d2981fafc6e9bc7dca8988f3ed794a?s=96&d=mm&r=g","url":"https:\/\/secure.gravatar.com\/avatar\/d4ab9d5ff2b9dfc31f4ad9abfc97053f89d2981fafc6e9bc7dca8988f3ed794a?s=96&d=mm&r=g","contentUrl":"https:\/\/secure.gravatar.com\/avatar\/d4ab9d5ff2b9dfc31f4ad9abfc97053f89d2981fafc6e9bc7dca8988f3ed794a?s=96&d=mm&r=g","caption":"Arthur Besson"},"url":"https:\/\/arthurbesson.ch\/ctrbtrgk\/abotvheujwyykgrm9dqfyiatfpt\/"}]}},"_links":{"self":[{"href":"https:\/\/arthurbesson.ch\/api-json-gk\/wp\/v2\/posts\/1","targetHints":{"allow":["GET"]}}],"collection":[{"href":"https:\/\/arthurbesson.ch\/api-json-gk\/wp\/v2\/posts"}],"about":[{"href":"https:\/\/arthurbesson.ch\/api-json-gk\/wp\/v2\/types\/post"}],"author":[{"embeddable":true,"href":"https:\/\/arthurbesson.ch\/api-json-gk\/wp\/v2\/users\/384727"}],"replies":[{"embeddable":true,"href":"https:\/\/arthurbesson.ch\/api-json-gk\/wp\/v2\/comments?post=1"}],"version-history":[{"count":0,"href":"https:\/\/arthurbesson.ch\/api-json-gk\/wp\/v2\/posts\/1\/revisions"}],"wp:attachment":[{"href":"https:\/\/arthurbesson.ch\/api-json-gk\/wp\/v2\/media?parent=1"}],"wp:term":[{"taxonomy":"category","embeddable":true,"href":"https:\/\/arthurbesson.ch\/api-json-gk\/wp\/v2\/categories?post=1"},{"taxonomy":"post_tag","embeddable":true,"href":"https:\/\/arthurbesson.ch\/api-json-gk\/wp\/v2\/tags?post=1"}],"curies":[{"name":"wp","href":"https:\/\/api.w.org\/{rel}","templated":true}]}}